{"id":295,"date":"2021-06-01T19:14:53","date_gmt":"2021-06-01T19:14:53","guid":{"rendered":"https:\/\/udruga-vuk.hr\/?p=295"},"modified":"2021-06-01T19:14:54","modified_gmt":"2021-06-01T19:14:54","slug":"kultura-bi-mogla-potaknuti-obrazovni-sektor-na-promjenu-kulturpunkt-intervju","status":"publish","type":"post","link":"https:\/\/udruga-vuk.hr\/?p=295","title":{"rendered":"Kultura bi mogla potaknuti obrazovni sektor na promjenu \/ Kulturpunkt intervju"},"content":{"rendered":"\n<div class=\"wp-block-image\"><figure class=\"aligncenter\"><img decoding=\"async\" src=\"https:\/\/www.kulturpunkt.hr\/sites\/default\/files\/imagecache\/normal-image\/clanak\/slike\/varazdin_good.jpg\" alt=\"\"\/><\/figure><\/div>\n\n\n\n<p class=\"has-text-align-center\"><strong>Nino Prelo\u017enjak<\/strong>\u00a0programski je direktor u\u00a0<a rel=\"noreferrer noopener\" href=\"https:\/\/www.pecetri.com\/\" target=\"_blank\">P4 \u2013 centru za mlade i nezavisnu kulturu<\/a>\u00a0u Vara\u017edinu, aktivni je \u010dlan\u00a0<a rel=\"noreferrer noopener\" href=\"https:\/\/web.facebook.com\/UdrugaMladihVuk\/?_rdc=1&amp;_rdr\" target=\"_blank\">V.U.K.<\/a>-a (Vara\u017edinski underground klub), potpredsjednik\u00a0<a rel=\"noreferrer noopener\" href=\"https:\/\/mmh.hr\/\" target=\"_blank\">Mre\u017ee mladih Hrvatske<\/a>\u00a0te \u010dlan programskog savjeta\u00a0<a rel=\"noreferrer noopener\" href=\"https:\/\/www.pogon.hr\/\" target=\"_blank\">Pogona<\/a>\u00a0\u2013 Zagreba\u010dkog centra za nezavisnu kulturu i mlade.\u00a0<\/p>\n\n\n\n<p class=\"has-text-align-center\"><strong>KP: Mo\u017ee\u0161 li nas ukratko uvesti o pri\u010du o uvo\u0111enju Gra\u0111anskog odgoja i obrazovanja kao predmeta ili aktivnosti u osnovnim i srednjim \u0161kolama u Vara\u017edinu?<\/strong>&nbsp;<\/p>\n\n\n\n<p class=\"has-text-align-center\">Nakon razgovora s u\u010denicama, nastavnicama i ravnateljicama, zaklju\u010dak je da nema ujedna\u010denosti u provedbi gra\u0111anskog odgoja \u2013 u ve\u0107ini \u0161kola je me\u0111upredmetno, negdje se odradi prakti\u010dna nastava, nastavnici i u\u010denici izrazili su zabrinutost o dugoro\u010dnoj odr\u017eivosti me\u0111upredmetnog jer ovisi o motiviranosti, educiranosti i razumijevanju samih autoriteta koji prenose znanje i vrijednosti. Nadalje, Grad ima pod ingerencijom gradske osnovne \u0161kole, a \u017dupanija ima srednje \u0161kole i ostatak osnovnih u \u017eupaniji. I kada ne postoji dogovor u vezi provedbe jednog, za 21. stolje\u0107e va\u017enog predmeta, te\u0161ko da mo\u017eemo o\u010dekivati promjene u dru\u0161tvu koje bi predvodile nove generacije.<\/p>\n\n\n\n<p class=\"has-text-align-center\">Prema informacijama koje su dostupne u javnosti, Vara\u017edinska je \u017eupanija osigurala prora\u010dun za pripremu i provedbu gra\u0111anskog odgoja, s idejom da eksperimentalno krene kao izborni predmet. Radna skupina je sura\u0111ivala s ostalim jedinicama regionalne ili lokalne samouprave koje su eksperimentalno provele gra\u0111anski odgoj i evaluirali provedbu. Tako\u0111er, ostvarili su suradnju u kontekstu edukacija za nastavnike i prilagodbe priru\u010dnika lokalnim potrebama te su dobili odobrenje za kori\u0161tenje od nadle\u017enog ministarstva. Grad Vara\u017edin izradio je ud\u017ebenik koji obuhva\u0107a sve me\u0111upredmetne teme nacionalnog kurikuluma i od jeseni bi trebao i\u0107i u \u0161kole kao izvannastavna aktivnost, a predmet bi se zvao Aktivno gra\u0111anstvo i participacija u zajednici.&nbsp;<\/p>\n\n\n\n<p class=\"has-text-align-center\">Istra\u017eivanje provedeno 2019. godine u suradnji V.U.K.-a i Grada Vara\u017edina pokazalo je da postoji velika potreba za kvalitetnim uvo\u0111enjem gra\u0111anskog odgoja kao zasebnog predmeta, s prakti\u010dnom nastavom i jasnim ishodima u\u010denja, suradnjom s organizacijama civilnog dru\u0161tva.&nbsp;<\/p>\n\n\n\n<p class=\"has-text-align-center\">V.U.K. je imao ulogu u tra\u017eenju sastanaka s donositeljima odluka u gradu. U svom smo radu uvidjeli da me\u0111u mladima ne postoji velika zainteresiranost za sudjelovanje u izborima, bilo kojim drugim inicijativama koje spadaju u demokratske procese, i shvatili smo da stvarno trebamo probati utjecati na dono\u0161enje odluka, da se uvede predmet koji bi potaknuo i motivirao na sudjelovanje u tim procesima. Jo\u0161 2017. smo tra\u017eili sastanke, trajalo je dok smo dobili uputu za sastanak s ljudima koji su u izvr\u0161noj vlasti, tako da smo 2018. godine pri\u010dali o mogu\u0107nostima uvo\u0111enja gra\u0111anskog odgoja, me\u0111utim, tu je stalo.&nbsp;<\/p>\n\n\n\n<p class=\"has-text-align-center\">Najvi\u0161e je prijepora izazivao model koji treba uvesti, uvijek su se povla\u010dile teorije da je jedan model bolji, da mo\u017eda trebamo odbaciti model koji je ve\u0107 proveden u Rijeci jer mo\u017eemo stvoriti svoj model i tako dalje. Tra\u017eili smo stru\u010dnjake koji su sudjelovali u eksperimentalnoj provedbi da po\u0161alju svu literaturu, pa \u010dak i cijenu koliko bi ko\u0161tale edukacije za nastavnike u srednjim \u0161kolama, ali i u osnovnim \u0161kolama, ali, ka\u017eem, ostalo je na tome. Bar \u0161to se ti\u010de konzultiranja s jednom od najaktivnijih organizacija za mlade u RH.<\/p>\n\n\n\n<p class=\"has-text-align-center\">Gra\u0111anski odgoj je tu i dalje&nbsp;<em>buzzword<\/em>, pojam koji je super provla\u010diti u medijskom, javnom prostoru. Konzultacija s organizacijama civilnog dru\u0161tva i nije bilo, barem mi nismo dobili poziv, tako da, eto, pomaci su se dogodili 2017. u smislu da se po\u010delo vi\u0161e pri\u010dati o tome. Za trenutnu situaciju trebalo bi napraviti detaljnije istra\u017eivanje.<\/p>\n\n\n\n<p class=\"has-text-align-center\"><strong>KP: \u0160to vam se \u010dinilo dobrim u rije\u010dkom modelu?&nbsp;<\/strong><\/p>\n\n\n\n<p class=\"has-text-align-center\">Rezultati. Ne treba izmi\u0161ljati toplu vodu. U Rijeci postoji iskustvo uvo\u0111enja i provedbe, napravljena je evaluacija, dakle, postoje rezultati, vidi se je li ok ili nije ok. To je model na kojem je radio dio&nbsp;<a href=\"http:\/\/goo.hr\/\" target=\"_blank\" rel=\"noreferrer noopener\">GOOD inicijative<\/a>&nbsp;u koju je uklju\u010deno vi\u0161e od 50 organizacija civilnog dru\u0161tva, stru\u010dnjaci iz cijele Hrvatske, iz razli\u010ditih polja, dakle, stvarno se holisti\u010dki pristupilo oblikovanju modela i ne vidim za\u0161to se ne bi prihvatilo ne\u0161to \u0161to funkcionira. U 2018. godini Europska komisija objavila je analizu politika obrazovanja, usavr\u0161avanja i osposobljavanja u zemljama \u010dlanicama EU za 2018. godinu i u dijelu analize koji se bavi Hrvatskom posebno je istaknut &#8220;rije\u010dki model&#8221; GOO-a. Na razini donositelja odluka postavljaju se pitanja za\u0161to bi drugi ne\u0161to diktirali ili za\u0161to ne bismo mi izradili svoj model\u2026 Mislim da ne shva\u0107aju da nije poanta u tome \u0161to su Rijeka ili Split, Zadar ili Osijek izmislili svoj model, nego \u0161to je proveden u djelo, i da, eto, pokazalo se uspje\u0161no. Postoje ljudi koji su ga provodili, imaju iskustvo, mogu prenijeti ne samo dobre stvari, nego i ono \u0161to nije valjalo, a \u0161to je jako, jako, bitno ako kre\u0107ete u takav eksperiment.&nbsp;<\/p>\n\n\n\n<p class=\"has-text-align-center\"><strong>KP: GOOD inicijativa je sudjelovala i u oblikovanju tzv. rije\u010dkog modela provedbe. Koliko ste sura\u0111ivali sa samom inicijativom ili pojedinim \u010dlanicama u poku\u0161aju zagovora GOO-a u Vara\u017edinu?<\/strong><\/p>\n\n\n\n<p class=\"has-text-align-center\">V.U.K. je \u010dlanica GOOD inicijative i ona je uklju\u010dena od prvog pristupanja Gradu, od stvaranja ideje da bismo mogli i\u0107i u zagovaranje kvalitetnog uvo\u0111enja gra\u0111anskog odgoja. No, sa strane donositelja odluka nije postojala volja da se u taj razgovor uklju\u010di vi\u0161e OCD-ova, bio je to vi\u0161e razgovor jedan na jedan. Pri\u010da se o tome da je gra\u0111anski odgoj bitan, no nije toliko bitan da bismo to trebali napraviti kvalitetno. Mislim da donositelji odluka u tom trenutku nisu bili ni svjesni \u0161to je GOOD inicijativa, koja je njezina uloga, \u0161to ona zna\u010di.&nbsp;<\/p>\n\n\n\n<p class=\"has-text-align-center\">Sura\u0111ujemo s Gradom u upravljanju P4 i ostalim programima za mlade. \u0160to se ti\u010de samog gra\u0111anskog odgoja, tu moram priznati da smo slabo sura\u0111ivali, odnosno, nikad nije bilo te konkretne suradnje. Grad je po tom pitanju sura\u0111ivao s osnovnim \u0161kolama, najavili su uvo\u0111enje predmeta, bili su u kontaktu s nastavnicima u vezi izrade ud\u017ebenika.<\/p>\n\n\n\n<p class=\"has-text-align-center\"><strong>KP: Koliko je civilno dru\u0161tvo u podru\u010dju obrazovanja u Vara\u017edinskoj \u017eupaniji uop\u0107e razvijeno? Kad bi se gradila imaginarna platforma organizacija koje bi se bavile uvo\u0111enjem GOO-a, o kojoj snazi bi se radilo?<\/strong><\/p>\n\n\n\n<p class=\"has-text-align-center\">Nema ih previ\u0161e koje bi bile zainteresirane za ove konkretne stvari koje radi V.U.K., zagovaranje gra\u0111anskog odgoja i obrazovanja. U V.U.K.-u nam je gra\u0111anski odgoj bitna tema i dosta smo radili na edukaciji nas samih, da se umre\u017eimo, da kvalitetne informacije po\u010dnu dolaziti u kolektiv i zato smo sad osna\u017eeni, me\u0111utim, to nedostaje ostalim akterima civilnog dru\u0161tva u Vara\u017edinu, a i u regiji. U regiji postoji jo\u0161 nekoliko organizacija s kojima sura\u0111ujemo, koje su kapacitirane za zagovaranje gra\u0111anskoga, poput Nezavisne udruge mladih iz Lepoglave (<a href=\"https:\/\/www.num.hr\/index.php\/hr\/\" target=\"_blank\" rel=\"noreferrer noopener\">NUM<\/a>), pa&nbsp;<a href=\"https:\/\/web.facebook.com\/MladiZaMarof\/?_rdc=1&amp;_rdr\" target=\"_blank\" rel=\"noreferrer noopener\">Mladi za Marof<\/a>,&nbsp;<a href=\"https:\/\/www.funk-centar.com\/\" target=\"_blank\" rel=\"noreferrer noopener\">Koprivnica FUNK<\/a>&nbsp;je fokusirana na kulturu, ali imaju prostor za sve teme. U samom gradu Vara\u017edinu trebalo bi raditi na osna\u017eivanju te imaginarne platforme.&nbsp;<\/p>\n\n\n\n<p class=\"has-text-align-center\"><strong>KP: U podru\u010dju kulture, kad si ve\u0107 na\u010deo temu, \u010dini mi se postoji ipak druga\u010dija situacija, \u0161to se ti\u010de kapaciteta i aktera&#8230;<\/strong><\/p>\n\n\n\n<p class=\"has-text-align-center\">Sigurno je bolja situacija, iako je veliki prostor za rad i pobolj\u0161anje. \u0160to se ti\u010de samih aktera mogu nabrojati one s kojima sura\u0111ujemo redovito, odnosno, koji jesu dio P4: Filmsko-kreativni studio&nbsp;<a href=\"http:\/\/www.vanima.hr\/\" target=\"_blank\" rel=\"noreferrer noopener\">VANIMA<\/a>,&nbsp;<a href=\"https:\/\/web.facebook.com\/nusynergetic\/?_rdc=1&amp;_rdr\" target=\"_blank\" rel=\"noreferrer noopener\">nuSynergetic<\/a>, Umjetni\u010dka organizacija&nbsp;<a href=\"https:\/\/gllugl.hr\/\" target=\"_blank\" rel=\"noreferrer noopener\">Gllugl<\/a>,&nbsp;<a href=\"https:\/\/web.facebook.com\/glazbena.mladez.varazdin\/?_rdc=1&amp;_rdr\" target=\"_blank\" rel=\"noreferrer noopener\">Glazbena mlade\u017e Vara\u017edin<\/a>,&nbsp;<a href=\"https:\/\/www.trash.hr\/\" target=\"_blank\" rel=\"noreferrer noopener\">Udruga Trash<\/a>,&nbsp;<a href=\"https:\/\/web.facebook.com\/MOPfest\/?_rdc=1&amp;_rdr\" target=\"_blank\" rel=\"noreferrer noopener\">Udruga MOP<\/a>&nbsp;Sveu\u010dili\u0161te Sjever,&nbsp;<a href=\"https:\/\/www.katapult.com.hr\/\" target=\"_blank\" rel=\"noreferrer noopener\">Udruga Katapult<\/a>,&nbsp;<a href=\"https:\/\/web.facebook.com\/kuca.kreativnih.inovacija\/?_rdc=1&amp;_rdr\" target=\"_blank\" rel=\"noreferrer noopener\">Ku\u0107a kreativnih inovacija<\/a>. U samoj regiji, stvarno mogu re\u0107i da smo oja\u010dali suradnju sa ekipom iz Me\u0111imurja, dakle,&nbsp;<a href=\"https:\/\/pdcck.hr\/cezam\/\" target=\"_blank\" rel=\"noreferrer noopener\">CeZam<\/a>&nbsp;iz \u010cakovca, prije nekoliko mjeseci je za\u017eivio&nbsp;<a href=\"https:\/\/pdcck.hr\/murai\/pocetna\/\" target=\"_blank\" rel=\"noreferrer noopener\">Murai<\/a>, kulturni i edukativni centar u Sv. Jurju na Bregu, FUNK iz Koprivnice, udruge mladih&nbsp;<a href=\"https:\/\/web.facebook.com\/umhiperaktivni\/?_rdc=1&amp;_rdr\" target=\"_blank\" rel=\"noreferrer noopener\">Hiperaktivni Cestica<\/a>, NUM iz Lepoglave,&nbsp;<a href=\"https:\/\/umamivinica.wixsite.com\/umami\/en-home\" target=\"_blank\" rel=\"noreferrer noopener\">UMAMI<\/a>&nbsp;iz Vinice, koji stvarno ja\u010daju nezavisnu kulturnu scenu. Mladi za Marof fokusiraju se na mlade, ali i jesu aktivni u podru\u010dju kulture, to je regionalni&nbsp;<em>pool<\/em>&nbsp;organizacija sa kojima dosta sura\u0111ujemo. Sura\u0111ujemo dosta na nacionalnoj i evropskoj razini, to nam je isto jako bitno, to je na kraju krajeva doprinijelo da oja\u010damo.&nbsp;<\/p>\n\n\n\n<p class=\"has-text-align-center\"><strong>KP: Kako je do\u0161lo do osnivanja P4, osmi\u0161ljavanja takvog tipa prostora kojim se sudioni\u010dki upravlja?<\/strong><\/p>\n\n\n\n<p class=\"has-text-align-center\">U&nbsp;<a href=\"https:\/\/www.kulturpunkt.hr\/content\/trudimo-se-ali-treba-biti-strpljiv\" target=\"_blank\" rel=\"noreferrer noopener\">intervjuu<\/a>&nbsp;za Kulturpunkt 2015.&nbsp;<strong>Zrinka \u0160ajn<\/strong>&nbsp;je govorila o novonastaju\u0107oj sceni u Domu \u017deljezni\u010dara, prostoru koji je na kraju dobiven od Grada, no koji infrastrukturno nije bio u dobrom stanju tako da se ekipa opet morala seliti. Savjet mladih Grada Vara\u017edina dobio je 2016. na upravljanje Centar za mlade, prostor koji se danas zove P4. Umjetni\u010dka organizacija Gllugl je prva uselila u prostor. Tada jo\u0161 nije bilo modela upravljanja, ni prostorom ni programima i nedostajalo je sadr\u017eaja, nije se znalo u kojem smjeru i\u0107i, kako se smjestiti u prostoru. Po\u010delo je 2017. konzultacijama sa svim akterima, a tu je bilo dosta njih koji ve\u0107 vi\u0161e od desetlje\u0107a sudjeluju u procesu razvijanja modela suradnje s Gradom, pa onda me\u0111u sobom. Moram priznati da sam, kao nova osoba koja je do\u0161la iz Zagreba, koja je vidjela kako funkcionira Pogon, koja je vidjela kako funkcionira Klubtura, jako jako motivirana, mislio da mo\u017eemo sve ispretumbati i probati sa savezom udruga, pa da vidimo kako mo\u017eemo pokrenuti cijelu pri\u010du nezavisne kulture u Vara\u017edinu, a da to ima odre\u0111en kontinuitet.&nbsp;<\/p>\n\n\n\n<p class=\"has-text-align-center\">Dosta smo vremena, moram priznati, potro\u0161ili na konzultacije koje nisu vodile nigdje. Neki ljudi su jednostavno odustali, jer izgubili su motivaciju i stvarno su predugo bili u tom procesu, ali meni je drago da su i dalje bili&nbsp;<em>support<\/em>, jer dobro je \u010duti \u0161to se doga\u0111alo prije, pa na temelju toga izgraditi ili napraviti ne\u0161to druga\u010dije. Onda su se pojavili i novi ljudi koji su uspjeli zadr\u017eati motivaciju da dalje razvijamo te konzultacije me\u0111u sobom, dakle, izme\u0111u samih organizacija koje su u P4, neformalnih skupina, \u0161to kulturnjaka, \u0161to mladih koji su htjeli koristiti taj prostor, razvijati ideje. Dosa\u0111ivali smo Gradu da dalje razvijamo tu pri\u010du.&nbsp;<\/p>\n\n\n\n<p class=\"has-text-align-center\">U me\u0111uvremenu se dogodio projekt&nbsp;<em>Svi smo mi kultura<\/em>, koji je imao za cilj napraviti suradni\u010dki model Grada i organizacija civilnog dru\u0161tva za upravljanje P4 &#8211; centrom za mlade i nezavisnu kulturu. Me\u0111utim, isto je sve ostalo na konzultacijama, na prekrasnim aktivnostima, dogovaranjima \u0161to bismo mogli, \u0161to ne bismo mogli. Postoje sad i ku\u0107ni red i prijedlog modela kako upravljati prostorom, me\u0111utim, organizacije koje su sad unutra, jo\u0161 uvijek nisu dovoljno kapacitirane da u\u0111emo u savez.&nbsp;<\/p>\n\n\n\n<p class=\"has-text-align-center\">Tako da V.U.K. i Grad Vara\u017edin trenutno upravljaju prostorom i programom. V.U.K. upravlja programom u zgradi, a za kori\u0161tenje tih prostora sklapamo posebne ugovore. Svaka organizacija koja koristi urede u P4 ima posebno sklopljen ugovor sa Gradom. Najvi\u0161e smo fokusirani na programsko upravljanje i na komunikaciju sa svim stanarima. Grad preuzima dio odr\u017eavanja zgrade, pokriva sve re\u017eije. Korisnici prostora se me\u0111usobno dogovaraju na koji na\u010din \u0107e funkcionirati, od \u010di\u0161\u0107enja do programa, imamo zajedni\u010dki kalendar i to, zapravo, funkcionira.&nbsp;<\/p>\n\n\n\n<p class=\"has-text-align-center\">Da, do\u0161lo je do toga da smo se maknuli od formaliziranja saveza radi modela, rekli smo da ne\u0107emo tro\u0161iti vi\u0161e energiju i vrijeme na sve te procese i fokusirati se na razvoj publike i na programe. Tu se onda pokazalo tko je motiviran za \u0161to, tko samo za proces, a tko za sadr\u017eaj, otvaranje prostora nezavisnoj kulturi, svima koji su imali ideje ili tko god je bio zainteresiran. U cijelom tom procesu pospje\u0161avanja modela upravljanja, izgubila se publika, izgubili su se motivirani umjetnici, kulturnjaci. Okrenuli smo plo\u010du i \u010dini mi se da sada funkcionira.<\/p>\n\n\n\n<p class=\"has-text-align-center\"><strong>KP: U brojnim primjerima gdje se zaista inzistiralo i na partnerstvu s Gradom i na uklju\u010divanju svih organizacija koje koriste prostor, nije nu\u017eno na kraju ispalo ne\u0161to \u0161to funkcionira, a ovaj va\u0161 primjer za sada izgleda kao uspje\u0161na prilagodba modela lokalnom kontekstu, gdje su svi uklju\u010deni \u2013 zadovoljni.<\/strong><\/p>\n\n\n\n<p class=\"has-text-align-center\">Ono \u0161to me osobno brine je koliko je taj model odr\u017eiv. Svaki model ovisi o motiviranim ljudima koji sudjeluju u procesu. Pitanje je \u0161to se doga\u0111a kada ti ljudi odu i do\u0111u ljudi koji na\u010delno razumiju model, ali ne i kako je do\u0161lo do njegova uspostavljanja, nemaju iskustvo tog procesa. Kad do\u0111e do tranzicije ljudi s bilo koje strane, ho\u0107e li funkcionirati ovako nedefinirani model, ho\u0107e li trebati osmisliti novi. Mo\u017eda bi trebalo, to je moje mi\u0161ljenje, jo\u0161 bolje definirati i odnose s Gradom i me\u0111u nama koji smo u P4. Definirati obaveze svake strane, ali na na\u010din da iskoristimo ovo sada vrijeme kad sve dobro funkcionira, pa nakon godinu dana ipak mo\u017eemo vidjeti stvari koje nisu funkcionirale, jer nisu definirane nekim pravilnikom ili ugovorom i to su mo\u017eda te stvari koje mogu jo\u0161 bolje. Poput popravaka odre\u0111enih kvarova ili osiguravanja plesnog poda za plesnu dvoranu. Mo\u017eete se za\u0161tititi ako postoje dugoro\u010dno definirani uvjeti i uloge. Dobra je stvar da imamo super komunikaciju, pa za sada mislim da je to puno bitniji element nego postojanje formalnog modela.&nbsp;<\/p>\n\n\n\n<p class=\"has-text-align-center\"><strong>KP: S obzirom na takvu konstelaciju snaga, \u010dini li ti se mo\u017eda da bi kultura u Vara\u017edinu mogla biti ta koja povla\u010di, poti\u010de i ostale podsektore civilnog dru\u0161tva, pa tako i obrazovni, na neku dugoro\u010dnu promjenu?<\/strong><\/p>\n\n\n\n<p class=\"has-text-align-center\">Mogu se slo\u017eiti s tim. Vi\u0161e je organizacija koje se bave kulturom koje su povezane s nekim drugim akterima civilnog dru\u0161tva i mogla bi odigrati ulogu prethodnice. I mi smo kao udruga\u00a0 krenuli s organizacijom\u00a0<em>underground<\/em>\u00a0festivala, i iako jo\u0161 uvijek radimo najvi\u0161e u podru\u010dju kulture, razvili smo se i u drugim smjerovima, mo\u017eda je to logi\u010dan slijed. Na kraju krajeva, nezavisna kultura je participativna, vu\u010de ideje i suradnje iz ostalih dijelova civilnog sektora, ona je na\u010din \u017eivljenja.\u00a0<\/p>\n\n\n\n<p><\/p>\n\n\n\n<p class=\"has-text-align-right\">Razgovarala: Matija Mrakov\u010di\u0107 \/ Kulturpunkt<\/p>\n\n\n\n<p class=\"has-text-align-right\">Izvorni tekst: <a href=\"https:\/\/www.kulturpunkt.hr\/content\/kultura-bi-mogla-potaknuti-obrazovni-sektor-na-promjenu?fbclid=IwAR28DjL1NzgvRna6gZMFJYJlPc9HXn4o7u3r1xfySvAOekXs7p2g2TEqEhM\" data-type=\"URL\" data-id=\"https:\/\/www.kulturpunkt.hr\/content\/kultura-bi-mogla-potaknuti-obrazovni-sektor-na-promjenu?fbclid=IwAR28DjL1NzgvRna6gZMFJYJlPc9HXn4o7u3r1xfySvAOekXs7p2g2TEqEhM\" target=\"_blank\" rel=\"noreferrer noopener\">https:\/\/www.kulturpunkt.hr\/content\/kultura-bi-mogla-potaknuti-obrazovni-sektor-na-promjenu?fbclid=IwAR28DjL1NzgvRna6gZMFJYJlPc9HXn4o7u3r1xfySvAOekXs7p2g2TEqEhM<\/a><\/p>\n","protected":false},"excerpt":{"rendered":"<p>Nino Prelo\u017enjak\u00a0programski je direktor u\u00a0P4 \u2013 centru za mlade i nezavisnu kulturu\u00a0u Vara\u017edinu, aktivni je \u010dlan\u00a0V.U.K.-a (Vara\u017edinski underground klub), potpredsjednik\u00a0Mre\u017ee mladih Hrvatske\u00a0te \u010dlan programskog savjeta\u00a0Pogona\u00a0\u2013 Zagreba\u010dkog centra za nezavisnu kulturu i mlade.\u00a0 KP: Mo\u017ee\u0161 li nas ukratko uvesti o pri\u010du o uvo\u0111enju Gra\u0111anskog odgoja i obrazovanja kao predmeta ili aktivnosti u osnovnim i srednjim \u0161kolama [&hellip;]<\/p>\n","protected":false},"author":1,"featured_media":0,"comment_status":"open","ping_status":"open","sticky":false,"template":"","format":"standard","meta":{"_et_pb_use_builder":"off","_et_pb_old_content":"","_et_gb_content_width":""},"categories":[1],"tags":[],"_links":{"self":[{"href":"https:\/\/udruga-vuk.hr\/index.php?rest_route=\/wp\/v2\/posts\/295"}],"collection":[{"href":"https:\/\/udruga-vuk.hr\/index.php?rest_route=\/wp\/v2\/posts"}],"about":[{"href":"https:\/\/udruga-vuk.hr\/index.php?rest_route=\/wp\/v2\/types\/post"}],"author":[{"embeddable":true,"href":"https:\/\/udruga-vuk.hr\/index.php?rest_route=\/wp\/v2\/users\/1"}],"replies":[{"embeddable":true,"href":"https:\/\/udruga-vuk.hr\/index.php?rest_route=%2Fwp%2Fv2%2Fcomments&post=295"}],"version-history":[{"count":1,"href":"https:\/\/udruga-vuk.hr\/index.php?rest_route=\/wp\/v2\/posts\/295\/revisions"}],"predecessor-version":[{"id":296,"href":"https:\/\/udruga-vuk.hr\/index.php?rest_route=\/wp\/v2\/posts\/295\/revisions\/296"}],"wp:attachment":[{"href":"https:\/\/udruga-vuk.hr\/index.php?rest_route=%2Fwp%2Fv2%2Fmedia&parent=295"}],"wp:term":[{"taxonomy":"category","embeddable":true,"href":"https:\/\/udruga-vuk.hr\/index.php?rest_route=%2Fwp%2Fv2%2Fcategories&post=295"},{"taxonomy":"post_tag","embeddable":true,"href":"https:\/\/udruga-vuk.hr\/index.php?rest_route=%2Fwp%2Fv2%2Ftags&post=295"}],"curies":[{"name":"wp","href":"https:\/\/api.w.org\/{rel}","templated":true}]}}